{"id":1983,"date":"2020-08-26T09:38:47","date_gmt":"2020-08-26T07:38:47","guid":{"rendered":"http:\/\/ieronimus.es\/porque-o-nome-de-ieronimus\/"},"modified":"2020-08-26T10:24:59","modified_gmt":"2020-08-26T08:24:59","slug":"porque-o-nome-de-ieronimus","status":"publish","type":"post","link":"https:\/\/ieronimus.es\/pt-pt\/porque-o-nome-de-ieronimus\/","title":{"rendered":"Porqu\u00ea o nome de \u201cIeronimus\u201d?"},"content":{"rendered":"\n<p><strong>\u201cIeronimus\u201d \u00e9 o nome latino de Dom Jer\u00f4nimo de Perigueux (\u00bf1060?-1120), uns dos mais famosos bispos espanh\u00f3is de origem francesa, personagem chave da Reconquista, capel\u00e3o do Cid Campeador e bispo de Val\u00eancia, que foi nomeado para Salamanca ao ser restaurada a Diocese em 1102, nos dias da seu povoamento crist\u00e3o pelo conde D. Raimundo de Borgonha e Dona Urraca.<\/strong><\/p>\n\n<p>\u201cIeronimus\u201d est\u00e1 na origem da exposi\u00e7\u00e3o porque: &#13;\n&#13;\n&#8211; Marca a origem dos 900 anos de Arte e de Hist\u00f3ria das Catedrais de Salamanca.&#13;\n&#13;\n&#8211; Ele est\u00e1 encarregado da constru\u00e7\u00e3o da Igreja de Santa Maria -Catedral Velha -, iniciando assim um longo caminho que levou Salamanca a ser uma cidade singular por possuir duas catedrais: a Catedral Velha que se construiu durante os s\u00e9culos XII-XV, e a Catedral Nova que se levantou durante os s\u00e9culos XVI-XVIII.&#13;\n&#13;\n&#8211; Trouxe consigo, na sua transfer\u00eancia da Sede Episcopal de Val\u00eancia \u00e0 de Salamanca, os documentos mais antigos do Arquivo da Catedral de Salamanca: as doa\u00e7\u00f5es do Cid Campeador em 1098 e de Dona Jimena em 1101, e o famoso \u00abCristo das Batalhas\u00bb, objeto da devo\u00e7\u00e3o mais fervente do povo salmantino ao longo da sua hist\u00f3ria, e hoje venerado na capela que tem o seu nome na cabeceira da Catedral Nova.<\/p>\n","protected":false},"excerpt":{"rendered":"<p>\u201cIeronimus\u201d \u00e9 o nome latino de Dom Jer\u00f4nimo de Perigueux (\u00bf1060?-1120), uns dos mais famosos bispos espanh\u00f3is de origem francesa, personagem chave da Reconquista, capel\u00e3o do Cid Campeador e bispo de Val\u00eancia, que foi nomeado para Salamanca ao ser restaurada a Diocese em 1102, nos dias da seu povoamento crist\u00e3o pelo conde D. Raimundo de&#8230;<\/p>\n<div class=\" [&hellip;]\"><a href=\"https:\/\/ieronimus.es\/pt-pt\/porque-o-nome-de-ieronimus\/\">Read More <i class=\"os-icon os-icon-angle-right\"><\/i><\/a><\/div>\n","protected":false},"author":1,"featured_media":628,"comment_status":"open","ping_status":"open","sticky":false,"template":"","format":"gallery","meta":{"_acf_changed":false,"footnotes":""},"categories":[52],"tags":[],"class_list":["post-1983","post","type-post","status-publish","format-gallery","has-post-thumbnail","hentry","category-historia-pt-pt","post_format-post-format-gallery"],"acf":[],"_links":{"self":[{"href":"https:\/\/ieronimus.es\/pt-pt\/wp-json\/wp\/v2\/posts\/1983","targetHints":{"allow":["GET"]}}],"collection":[{"href":"https:\/\/ieronimus.es\/pt-pt\/wp-json\/wp\/v2\/posts"}],"about":[{"href":"https:\/\/ieronimus.es\/pt-pt\/wp-json\/wp\/v2\/types\/post"}],"author":[{"embeddable":true,"href":"https:\/\/ieronimus.es\/pt-pt\/wp-json\/wp\/v2\/users\/1"}],"replies":[{"embeddable":true,"href":"https:\/\/ieronimus.es\/pt-pt\/wp-json\/wp\/v2\/comments?post=1983"}],"version-history":[{"count":3,"href":"https:\/\/ieronimus.es\/pt-pt\/wp-json\/wp\/v2\/posts\/1983\/revisions"}],"predecessor-version":[{"id":1987,"href":"https:\/\/ieronimus.es\/pt-pt\/wp-json\/wp\/v2\/posts\/1983\/revisions\/1987"}],"wp:featuredmedia":[{"embeddable":true,"href":"https:\/\/ieronimus.es\/pt-pt\/wp-json\/wp\/v2\/media\/628"}],"wp:attachment":[{"href":"https:\/\/ieronimus.es\/pt-pt\/wp-json\/wp\/v2\/media?parent=1983"}],"wp:term":[{"taxonomy":"category","embeddable":true,"href":"https:\/\/ieronimus.es\/pt-pt\/wp-json\/wp\/v2\/categories?post=1983"},{"taxonomy":"post_tag","embeddable":true,"href":"https:\/\/ieronimus.es\/pt-pt\/wp-json\/wp\/v2\/tags?post=1983"}],"curies":[{"name":"wp","href":"https:\/\/api.w.org\/{rel}","templated":true}]}}